{"id":2221,"__str__":"Projeto de Lei Ordin\u00e1ria n\u00ba 3 de 2026","link_detail_backend":"/materia/2221","metadata":{},"numero":3,"ano":2026,"numero_protocolo":null,"data_apresentacao":"2026-01-07","tipo_apresentacao":"E","data_publicacao":"2026-02-26","numero_origem_externa":"","ano_origem_externa":null,"data_origem_externa":null,"apelido":"","dias_prazo":null,"data_fim_prazo":null,"em_tramitacao":false,"polemica":false,"objeto":"","complementar":false,"ementa":"ESTABELECE A \u00c1REA ESCOLAR DE SEGURAN\u00c7A COMO ESPA\u00c7O DE PRIORIDADE ESPECIAL NO \u00c2MBITO DO MUNIC\u00cdPIO DE CONCEI\u00c7\u00c3O DA BARRA, ESTADO DO ESP\u00cdRITO SANTO E D\u00c1 OUTRAS PROVID\u00caNCIAS","indexacao":"","observacao":"","resultado":"","texto_original":"http://sapl.conceicaodabarra.es.leg.br/media/sapl/public/materialegislativa/2026/2221/projeto_de_lei_no_03-2026_vereadora_camila.pdf","data_ultima_atualizacao":"2026-02-26T17:08:58.948152-03:00","ip":"177.190.190.105","ultima_edicao":"2026-02-26T17:01:37.076024-03:00","tipo":1,"regime_tramitacao":2,"tipo_origem_externa":null,"local_origem_externa":null,"user":6,"anexadas":[],"autores":[38]}